{"id":61,"date":"2014-09-28T12:36:17","date_gmt":"2014-09-28T10:36:17","guid":{"rendered":"http:\/\/www.pfadis.at\/wp\/?p=61"},"modified":"2015-02-03T11:39:08","modified_gmt":"2015-02-03T09:39:08","slug":"gewonnen","status":"publish","type":"post","link":"https:\/\/www.pfadis.at\/wp\/?p=61","title":{"rendered":"1. Platz beim Umweltdenkerwettbewerb"},"content":{"rendered":"<div class=\"page\" title=\"Page 1\">\n<div class=\"layoutArea\">\n<div class=\"column\">\n<p>Die Preisverleihung fand im Rahmen der Landestagung der Ober\u00f6sterreichisen Pfadfinder und Pfadfinderinnen in Puchberg bei Wels statt. Wir freuen uns sehr \u00fcber unseren Sieg.<\/p>\n<div class=\"page\" title=\"Page 1\">\n<div class=\"layoutArea\">\n<div class=\"column\">\n<p>Und deswegen haben wir gewonnen:<\/p>\n<div class=\"page\" title=\"Page 1\">\n<div class=\"layoutArea\">\n<div class=\"column\">\n<p><img loading=\"lazy\" decoding=\"async\" class=\"alignnone  wp-image-66\" src=\"https:\/\/www.pfadis.at\/wp\/wp-content\/uploads\/2014\/11\/stoffwechsel-300x59.png\" alt=\"stoffwechsel\" width=\"473\" height=\"93\" srcset=\"https:\/\/www.pfadis.at\/wp\/wp-content\/uploads\/2014\/11\/stoffwechsel-300x59.png 300w, https:\/\/www.pfadis.at\/wp\/wp-content\/uploads\/2014\/11\/stoffwechsel.png 800w\" sizes=\"auto, (max-width: 473px) 100vw, 473px\" \/><\/p>\n<\/div>\n<\/div>\n<div class=\"layoutArea\">\n<div class=\"column\">\n<p>Der Landesverband der ober\u00f6sterreichischen Pfadfinder hat einen Wettbewerb zu diesem Umweltthema ausgeschrieben. Gefragt waren nun alle kreativen K\u00f6pfe der Pfadfindergruppe Rohrbach-Berg, mit welchen Ideen wir bei diesem Wettbewerb teilnehmen k\u00f6nnten.<\/p>\n<p>Bekanntlich ist man nur GEMEINSAM wirklich stark und so arbeiteten wir Pfadfinder mit der Jungschar Rohrbach zusammen. In Christine Nieders\u00fc\u00df fanden wir eine gute Projektpartnerin und schon konnte es losgehen.<\/p>\n<\/div>\n<\/div>\n<\/div>\n<div class=\"page\" title=\"Page 2\">\n<div class=\"layoutArea\">\n<div class=\"column\">\n<p>Nach Weihnachten haben wir in den Heimstunden zu einer \u201eAltkleidersammlung\u201c aufgerufen und wirklich tolle Unterst\u00fctzung von unseren<\/p>\n<p>Pfadfindereltern bekommen. Dann haben wir in den Heimstunden die Kleidungsst\u00fccke sortiert. Die Wichtel fertigten aus T-Shirts Taschen an, es wurden von den RaRo Hauben f\u00fcr die Aktion \u201eWeihnachten im Schuhkarton\u201c gen\u00e4ht, es fanden Exkursionen zu verschiedenen Firmen statt und unter anderem bekamen wir eine F\u00fchrung von Stefan Foelser (Chef von NNF) in seiner Firma. Nat\u00fcrlich d\u00fcrfen das textile Zentrum in Haslach und die Firma Chicco nicht fehlen. Auch \u00fcber die Herstellung von<\/p>\n<p>Baumwolle haben sich Jugendliche Gedanken gemacht. Dies sind nur einige Beispiele aus den verschiedensten \u201eKleingruppen\u201c. Aus einem alten Seidenhemd haben die CAEX 3 Seidenseifen selber hergestellt, was ihnen sichtlich Spa\u00df gemacht hat.<\/p>\n<p>Ich habe mit meiner Gruppe versucht, aus alten, zerschlissenen Leint\u00fcchern und Bettw\u00e4sche, neue sch\u00f6ne Teppiche herzustellen. Hier haben wir ganz eng mit der Jungschar zusammengearbeitet.<\/p>\n<p>Die M\u00e4dchen der Jungschar haben mit Christine gemeinsam alle \u201eofabigen\u201c, h\u00e4sslichen Stoffe wundersch\u00f6n gef\u00e4rbt.<\/p>\n<p>Nach dem Trocknen sind sie wieder in die Pfadfinderh\u00e4nde \u00fcbergegangen. Wir haben sie in Streifen geschnitten, zusammengen\u00e4ht und aufgerollt.<\/p>\n<\/div>\n<\/div>\n<\/div>\n<div class=\"page\" title=\"Page 3\">\n<div class=\"layoutArea\">\n<div class=\"column\">\n<p>Als Highlight folgte ein gemeinsamer Ausflug in die Behindertenwerkst\u00e4tte in Altenfelden. Dort bekamen wir eine tolle F\u00fchrung und wir haben gemeinsam an den Teppichen zu weben begonnen. Da es unm\u00f6glich ist, in zwei Stunden einen Teppich zu weben, wurde er von der Weberei fertiggestellt. Den Kindern hat es total gefallen, einmal selber an gro\u00dfen Webst\u00fchlen zu arbeiten.<\/p>\n<p>Danke an alle beteiligten Pfadfinder und Nichtpfadfinder! Bernadette Blaschek, Pfadfindergruppe Rohrbach-Berg<\/p>\n<p>Danke an alle, die zum Gelingen beigetragen haben!<\/p>\n<\/div>\n<\/div>\n<\/div>\n<\/div>\n<\/div>\n<\/div>\n<\/div>\n<\/div>\n<\/div>\n","protected":false},"excerpt":{"rendered":"<p>Die Preisverleihung fand im Rahmen der Landestagung der Ober\u00f6sterreichisen Pfadfinder und Pfadfinderinnen in Puchberg bei Wels statt. Wir freuen uns sehr \u00fcber unseren Sieg. Und deswegen haben wir gewonnen: Der Landesverband der ober\u00f6sterreichischen Pfadfinder hat einen Wettbewerb zu diesem Umweltthema ausgeschrieben. Gefragt waren nun alle kreativen K\u00f6pfe der Pfadfindergruppe Rohrbach-Berg, mit welchen Ideen wir bei [&hellip;]<\/p>\n","protected":false},"author":1,"featured_media":64,"comment_status":"closed","ping_status":"open","sticky":false,"template":"","format":"standard","meta":{"footnotes":"","_links_to":"","_links_to_target":""},"categories":[1],"tags":[],"class_list":["post-61","post","type-post","status-publish","format-standard","has-post-thumbnail","hentry","category-allgemein"],"_links":{"self":[{"href":"https:\/\/www.pfadis.at\/wp\/index.php?rest_route=\/wp\/v2\/posts\/61","targetHints":{"allow":["GET"]}}],"collection":[{"href":"https:\/\/www.pfadis.at\/wp\/index.php?rest_route=\/wp\/v2\/posts"}],"about":[{"href":"https:\/\/www.pfadis.at\/wp\/index.php?rest_route=\/wp\/v2\/types\/post"}],"author":[{"embeddable":true,"href":"https:\/\/www.pfadis.at\/wp\/index.php?rest_route=\/wp\/v2\/users\/1"}],"replies":[{"embeddable":true,"href":"https:\/\/www.pfadis.at\/wp\/index.php?rest_route=%2Fwp%2Fv2%2Fcomments&post=61"}],"version-history":[{"count":4,"href":"https:\/\/www.pfadis.at\/wp\/index.php?rest_route=\/wp\/v2\/posts\/61\/revisions"}],"predecessor-version":[{"id":76,"href":"https:\/\/www.pfadis.at\/wp\/index.php?rest_route=\/wp\/v2\/posts\/61\/revisions\/76"}],"wp:featuredmedia":[{"embeddable":true,"href":"https:\/\/www.pfadis.at\/wp\/index.php?rest_route=\/wp\/v2\/media\/64"}],"wp:attachment":[{"href":"https:\/\/www.pfadis.at\/wp\/index.php?rest_route=%2Fwp%2Fv2%2Fmedia&parent=61"}],"wp:term":[{"taxonomy":"category","embeddable":true,"href":"https:\/\/www.pfadis.at\/wp\/index.php?rest_route=%2Fwp%2Fv2%2Fcategories&post=61"},{"taxonomy":"post_tag","embeddable":true,"href":"https:\/\/www.pfadis.at\/wp\/index.php?rest_route=%2Fwp%2Fv2%2Ftags&post=61"}],"curies":[{"name":"wp","href":"https:\/\/api.w.org\/{rel}","templated":true}]}}